[{"@context":"https:\/\/schema.org\/","@type":"Article","@id":"https:\/\/www.veritel.sk\/preco-je-potrebne-sa-vzdelavat\/#Article","mainEntityOfPage":"https:\/\/www.veritel.sk\/preco-je-potrebne-sa-vzdelavat\/","headline":"Pre\u010do je potrebn\u00e9 sa vzdel\u00e1va\u0165 ?","name":"Pre\u010do je potrebn\u00e9 sa vzdel\u00e1va\u0165 ?","description":"Za\u010dala som nad t\u00fdm rozm\u00fd\u0161\u013ea\u0165 a ako prv\u00e9 som si spomenula na svoje \u0161kolsk\u00e9 \u010dasy na z\u00e1kladnej \u0161kole. Tie hrozn\u00e9 dni, kedy som sa musela bifli\u0165 nad matematikou cel\u00e9 hodiny, aby som vedela nap\u00edsa\u0165 monitor lebo som matematike absol\u00fatne nech\u00e1pala. Najhor\u0161ie je, \u017ee to nebolo len o nej. \u010co tak Sloven\u010dina, m\u00f4j materinsky jazyk, ktor\u00fa...<p class=\"more-link-wrap\"><a href=\"https:\/\/www.veritel.sk\/preco-je-potrebne-sa-vzdelavat\/\" class=\"more-link\">Read More<span class=\"screen-reader-text\"> &ldquo;Pre\u010do je potrebn\u00e9 sa vzdel\u00e1va\u0165 ?&rdquo;<\/span> &raquo;<\/a><\/p>","datePublished":"2019-09-11","dateModified":"2019-09-11","author":{"@type":"Person","@id":"https:\/\/www.veritel.sk\/author\/devene\/#Person","name":"devene","url":"https:\/\/www.veritel.sk\/author\/devene\/","identifier":1,"image":{"@type":"ImageObject","@id":"https:\/\/secure.gravatar.com\/avatar\/69bd9b72104e3ccfb6214cbd23cb226f96c6ecf33a2a351fa1d4682235118df3?s=96&d=mm&r=g","url":"https:\/\/secure.gravatar.com\/avatar\/69bd9b72104e3ccfb6214cbd23cb226f96c6ecf33a2a351fa1d4682235118df3?s=96&d=mm&r=g","height":96,"width":96}},"publisher":{"@type":"Organization","name":"veritel.sk","logo":{"@type":"ImageObject","@id":"\/logo.png","url":"\/logo.png","width":600,"height":60}},"image":{"@type":"ImageObject","@id":"https:\/\/www.veritel.sk\/wp-content\/uploads\/img_a304870_w16665_t1566232414.jpg","url":"https:\/\/www.veritel.sk\/wp-content\/uploads\/img_a304870_w16665_t1566232414.jpg","height":0,"width":0},"url":"https:\/\/www.veritel.sk\/preco-je-potrebne-sa-vzdelavat\/","wordCount":525,"articleBody":" Za\u010dala som nad t\u00fdm rozm\u00fd\u0161\u013ea\u0165 a ako prv\u00e9 som si spomenula na svoje \u0161kolsk\u00e9 \u010dasy na z\u00e1kladnej \u0161kole. Tie hrozn\u00e9 dni, kedy som sa musela bifli\u0165 nad matematikou cel\u00e9 hodiny, aby som vedela nap\u00edsa\u0165 monitor lebo som matematike absol\u00fatne nech\u00e1pala. Najhor\u0161ie je, \u017ee to nebolo len o nej. \u010co tak Sloven\u010dina, m\u00f4j materinsky jazyk, ktor\u00fa som v skuto\u010dnosti ovl\u00e1dala ve\u013emi dobre ale chcela som ju vedie\u0165 bez jedinej chyby. Nebolo to v\u0161ak len o tom. Nezabudla som aj na mojich tr\u00e9nerov z kr\u00fa\u017ekov, moje mimo\u0161kolsk\u00e9 aktivity a predov\u0161etk\u00fdm z\u00e1bavu. Nikdy som nemala v ob\u013eube u\u010denie ale vedela som, \u017ee to nem\u00f4\u017eem len tak fl\u00e1ka\u0165 u\u017e z d\u00f4vodu, \u017eeby som potom nemala pekn\u00fa bud\u00facnos\u0165. Ve\u010f si to len predstavte. \u010co ak by som len tak tak pre\u0161la z\u00e1kladn\u00fa \u0161kolu so sam\u00fdmi \u0161tvorkami, lebo by ma to jednoducho nenap\u013a\u0148alo a namiesto toho by som robila nie\u010do in\u00e9 a pof\u013eakovala sa kde kade po vonku. A \u010falej si to u\u017e viete predstavi\u0165. \u017diadne peniaze ani poriadna l\u00e1ska alebo rodina. To je u\u017e v\u0161ak nie\u010do in\u00e9. Ak sa usilujete pracova\u0165, vzdel\u00e1va\u0165 sa behom \u017eivota, dosiahnete \u010do chcete aj ke\u010f p\u00e1r kr\u00e1t padnete na zem. Tu u\u017e ale odbo\u010dujem. Vr\u00e1\u0165me sa trochu nasp\u00e4\u0165. Najviac zo v\u0161etk\u00e9ho som sa chcela vzdel\u00e1va\u0165 preto, aby som sa dostala na \u0161kolu dizajnu lebo ma bavilo kresli\u0165, ma\u013eova\u0165 a vytv\u00e1ra\u0165 nov\u00e9 veci.\u010co n\u00e1m d\u00e1va ? D\u00e1va n\u00e1m poznanie sveta okolo n\u00e1s a men\u00ed ho na lep\u0161ie. Roz\u0161iruje v n\u00e1s perspekt\u00edvu poh\u013eadu na \u017eivot. Pom\u00e1ha n\u00e1m uskuto\u010d\u0148ova\u0165 si svoje n\u00e1zory a poveda\u0165 ich na rovinu. \u013dudia sa p\u00fdtaj\u00fa, \u010di jedin\u00e1 vec, ktor\u00e1 n\u00e1s obohacuje o vedomosti je vzdel\u00e1vanie. Vo\u013eaktor\u00ed hovoria, \u017ee je to proces z\u00edskavania inform\u00e1ci\u00ed o svete, dosia\u013e \u010do poznanie je \u00faplne in\u00e1 vec. Maj\u00fa pravdu ale potom sa inform\u00e1cie nedaj\u00fa premeni\u0165 na vedomosti. Nie je to len o u\u010den\u00ed z kn\u00edh. Ide o ponau\u010denie zo \u017eivota. Preto by sa mal vzdel\u00e1va\u0165 ka\u017ed\u00fd \u010dlovek !D\u00f4vody, pre\u010do je potrebn\u00e9 \u0160\u0165astie v \u017eivote &#8211; o tom som p\u00edsala u\u017e aj na za\u010diatku. Ke\u010f sa budete u\u010di\u0165, dosiahnete \u010do chcete ale aj s prek\u00e1\u017ekami. Naopak ak sa u\u010di\u0165 nebudete, nebudete ma\u0165 to, \u010do chcete a nebudete ma\u0165 stabiln\u00fd \u017eivot. Rovnos\u0165 &#8211; je potrebn\u00e9 vtedy, ke\u010f chceme vidie\u0165 svet ako spravodliv\u00e9 miesto, kde ka\u017ed\u00fd m\u00e1 pr\u00edle\u017eitosti. Je nutn\u00e9, ak chceme odstr\u00e1ni\u0165 jestvuj\u00face rozdiely medzi soci\u00e1lnymi triedami. Peniaze &#8211; \u010dlovek, ktor\u00fd sa u\u010d\u00ed m\u00e1 viac \u0161anc\u00ed aby dost\u00e1val v\u00e4\u010d\u0161\u00ed plat, teda lep\u0161ie platen\u00fa pr\u00e1cu. Ka\u017ed\u00fd chce dobr\u00e1 \u017eivot ale d\u00e1 sa nazva\u0165 kore\u0148om zla. V\u00e4\u010d\u0161ina s\u00fahlas\u00ed, \u017ee peniaze s\u00fa potrebn\u00e9 na pre\u017eitie. \u010c\u00edm ste vzdelanej\u0161\u00ed, t\u00fdm m\u00e1te lep\u0161iu kari\u00e9ru. V \u017eivote ho treba, preto ho nezanedb\u00e1vajte.                                                                                                                                                                                                                                                                                                                                                                                                "},{"@context":"https:\/\/schema.org\/","@type":"BreadcrumbList","itemListElement":[{"@type":"ListItem","position":1,"name":"Pre\u010do je potrebn\u00e9 sa vzdel\u00e1va\u0165 ?","item":"https:\/\/www.veritel.sk\/preco-je-potrebne-sa-vzdelavat\/#breadcrumbitem"}]}]