{"@context":"https:\/\/schema.org\/","@type":"CollectionPage","@id":"https:\/\/www.veritel.sk\/nakupovanie\/#CollectionPage","headline":"Nakupovanie Category","description":"","url":"https:\/\/www.veritel.sk\/nakupovanie\/","hasPart":[{"@type":"Article","@id":"https:\/\/www.veritel.sk\/trapenie-s-nazvom-krcove-zily\/","headline":"Tr\u00e1penie s n\u00e1zvom k\u0155\u010dov\u00e9 \u017eily","url":"https:\/\/www.veritel.sk\/trapenie-s-nazvom-krcove-zily\/","datePublished":"2019-10-27","dateModified":"2024-04-25","mainEntityOfPage":"https:\/\/www.veritel.sk\/trapenie-s-nazvom-krcove-zily\/","author":{"@type":"Person","@id":"https:\/\/www.veritel.sk\/author\/devene\/#Person","name":"devene","url":"https:\/\/www.veritel.sk\/author\/devene\/","identifier":1,"image":{"@type":"ImageObject","@id":"https:\/\/secure.gravatar.com\/avatar\/69bd9b72104e3ccfb6214cbd23cb226f96c6ecf33a2a351fa1d4682235118df3?s=96&d=mm&r=g","url":"https:\/\/secure.gravatar.com\/avatar\/69bd9b72104e3ccfb6214cbd23cb226f96c6ecf33a2a351fa1d4682235118df3?s=96&d=mm&r=g","height":96,"width":96}},"publisher":{"@type":"Organization","name":"veritel.sk","logo":{"@type":"ImageObject","@id":"\/logo.png","url":"\/logo.png","width":600,"height":60}},"image":{"@type":"ImageObject","@id":"https:\/\/www.veritel.sk\/wp-content\/uploads\/img_a308714_w16698_t1575739098.jpg","url":"https:\/\/www.veritel.sk\/wp-content\/uploads\/img_a308714_w16698_t1575739098.jpg","height":0,"width":0},"keywords":null},{"@type":"Article","@id":"https:\/\/www.veritel.sk\/co-po-skonceni-seo\/","headline":"\u010co po skon\u010den\u00ed SEO","url":"https:\/\/www.veritel.sk\/co-po-skonceni-seo\/","datePublished":"2019-09-26","dateModified":"2019-09-26","mainEntityOfPage":"https:\/\/www.veritel.sk\/co-po-skonceni-seo\/","author":{"@type":"Person","@id":"https:\/\/www.veritel.sk\/author\/devene\/#Person","name":"devene","url":"https:\/\/www.veritel.sk\/author\/devene\/","identifier":1,"image":{"@type":"ImageObject","@id":"https:\/\/secure.gravatar.com\/avatar\/69bd9b72104e3ccfb6214cbd23cb226f96c6ecf33a2a351fa1d4682235118df3?s=96&d=mm&r=g","url":"https:\/\/secure.gravatar.com\/avatar\/69bd9b72104e3ccfb6214cbd23cb226f96c6ecf33a2a351fa1d4682235118df3?s=96&d=mm&r=g","height":96,"width":96}},"publisher":{"@type":"Organization","name":"veritel.sk","logo":{"@type":"ImageObject","@id":"\/logo.png","url":"\/logo.png","width":600,"height":60}},"image":{"@type":"ImageObject","@id":"https:\/\/www.veritel.sk\/wp-content\/uploads\/img_a309606_w16479_t1579713980.jpg","url":"https:\/\/www.veritel.sk\/wp-content\/uploads\/img_a309606_w16479_t1579713980.jpg","height":0,"width":0},"keywords":null},{"@type":"Article","@id":"https:\/\/www.veritel.sk\/stacia-aj-dva-mesiace-no-rok-je-istota\/","headline":"Sta\u010dia aj dva mesiace, no rok je istota","url":"https:\/\/www.veritel.sk\/stacia-aj-dva-mesiace-no-rok-je-istota\/","datePublished":"2019-08-01","dateModified":"2019-08-01","mainEntityOfPage":"https:\/\/www.veritel.sk\/stacia-aj-dva-mesiace-no-rok-je-istota\/","author":{"@type":"Person","@id":"https:\/\/www.veritel.sk\/author\/devene\/#Person","name":"devene","url":"https:\/\/www.veritel.sk\/author\/devene\/","identifier":1,"image":{"@type":"ImageObject","@id":"https:\/\/secure.gravatar.com\/avatar\/69bd9b72104e3ccfb6214cbd23cb226f96c6ecf33a2a351fa1d4682235118df3?s=96&d=mm&r=g","url":"https:\/\/secure.gravatar.com\/avatar\/69bd9b72104e3ccfb6214cbd23cb226f96c6ecf33a2a351fa1d4682235118df3?s=96&d=mm&r=g","height":96,"width":96}},"publisher":{"@type":"Organization","name":"veritel.sk","logo":{"@type":"ImageObject","@id":"\/logo.png","url":"\/logo.png","width":600,"height":60}},"image":{"@type":"ImageObject","@id":"https:\/\/www.veritel.sk\/wp-content\/uploads\/img_a308185_w16507_t1574266219.jpg","url":"https:\/\/www.veritel.sk\/wp-content\/uploads\/img_a308185_w16507_t1574266219.jpg","height":0,"width":0},"keywords":null}]}