[{"@context":"https:\/\/schema.org\/","@type":"Article","@id":"https:\/\/www.veritel.sk\/chystate-prerabku-svojho-domu-a-chcete-si-vy-budu-mat-terasu\/#Article","mainEntityOfPage":"https:\/\/www.veritel.sk\/chystate-prerabku-svojho-domu-a-chcete-si-vy-budu-mat-terasu\/","headline":"Chyst\u00e1te prer\u00e1bku svojho domu a chcete si vy bud\u00fa ma\u0165 terasu?","name":"Chyst\u00e1te prer\u00e1bku svojho domu a chcete si vy bud\u00fa ma\u0165 terasu?","description":"\u010casto sa star\u0161ie nehnute\u013enosti nevyhn\u00fa tomu, \u017ee je v nich \u010dasom potrebn\u00e1 nejak\u00e1 t\u00e1 rekon\u0161trukcia alebo prer\u00e1bka. Star\u0161ie okn\u00e1, dvere, stierky, ma\u013eovka, to v\u0161etko sa \u010dasom d\u00e1va obnovova\u0165, aby bol priestor kvalitnej\u0161\u00ed, \u010distej\u0161\u00ed a hygienickej\u0161\u00ed. Dnes u\u017e je d\u00f4le\u017eit\u00fd aj ur\u010dit\u00fd komfort a \u0161tandard na \u00farovni. Napr\u00edklad pekn\u00e1 a vynoven\u00e1 k\u00fape\u013e\u0148a a wc s\u00fa symbolom...<p class=\"more-link-wrap\"><a href=\"https:\/\/www.veritel.sk\/chystate-prerabku-svojho-domu-a-chcete-si-vy-budu-mat-terasu\/\" class=\"more-link\">Read More<span class=\"screen-reader-text\"> &ldquo;Chyst\u00e1te prer\u00e1bku svojho domu a chcete si vy bud\u00fa ma\u0165 terasu?&rdquo;<\/span> &raquo;<\/a><\/p>","datePublished":"2023-07-21","dateModified":"2024-02-20","author":{"@type":"Person","@id":"https:\/\/www.veritel.sk\/author\/devene\/#Person","name":"devene","url":"https:\/\/www.veritel.sk\/author\/devene\/","identifier":1,"image":{"@type":"ImageObject","@id":"https:\/\/secure.gravatar.com\/avatar\/69bd9b72104e3ccfb6214cbd23cb226f96c6ecf33a2a351fa1d4682235118df3?s=96&d=mm&r=g","url":"https:\/\/secure.gravatar.com\/avatar\/69bd9b72104e3ccfb6214cbd23cb226f96c6ecf33a2a351fa1d4682235118df3?s=96&d=mm&r=g","height":96,"width":96}},"publisher":{"@type":"Organization","name":"veritel.sk","logo":{"@type":"ImageObject","@id":"\/logo.png","url":"\/logo.png","width":600,"height":60}},"image":{"@type":"ImageObject","@id":"https:\/\/www.veritel.sk\/wp-content\/uploads\/umbrella-2923838_640.jpg","url":"https:\/\/www.veritel.sk\/wp-content\/uploads\/umbrella-2923838_640.jpg","height":0,"width":0},"url":"https:\/\/www.veritel.sk\/chystate-prerabku-svojho-domu-a-chcete-si-vy-budu-mat-terasu\/","about":["Mu\u017ei"],"wordCount":366,"articleBody":"       \u010casto sa star\u0161ie nehnute\u013enosti nevyhn\u00fa tomu, \u017ee je v nich \u010dasom potrebn\u00e1 nejak\u00e1 t\u00e1 rekon\u0161trukcia alebo prer\u00e1bka. Star\u0161ie okn\u00e1, dvere, stierky, ma\u013eovka, to v\u0161etko sa \u010dasom d\u00e1va obnovova\u0165, aby bol priestor kvalitnej\u0161\u00ed, \u010distej\u0161\u00ed a hygienickej\u0161\u00ed. Dnes u\u017e je d\u00f4le\u017eit\u00fd aj ur\u010dit\u00fd komfort a \u0161tandard na \u00farovni. Napr\u00edklad pekn\u00e1 a vynoven\u00e1 k\u00fape\u013e\u0148a a wc s\u00fa symbolom cel\u00e9ho priestoru. Preto ke\u010f si niekto nehnute\u013en\u00fa skupuje automaticky po\u010d\u00edta s jej prer\u00e1bkou, ak u\u017e obnoven\u00e1 nie je predt\u00fdm. Po\u010das rekon\u0161trukcie sa toho d\u00e1 pomeni\u0165 ve\u013ea a nemus\u00ed \u00eds\u0165 pr\u00e1ve o obrovsk\u00e9 invest\u00edcie, ktor\u00e9 v\u00e1s bud\u00fa st\u00e1\u0165 obrovsk\u00e9 mno\u017estvo pe\u0148az\u00ed. Aj kvalitn\u00e1 rekon\u0161trukcia sa d\u00e1 spravi\u0165 za celkom vyhovuj\u00faci rozpo\u010det. Zamera\u0165 sa treba na prioritn\u00e9 a hlavn\u00e9 veci, ktor\u00e9 chcete zmeni\u0165 a najm\u00e4 ktor\u00e9 s\u00fa potrebn\u00e9 aby sa zmenili. Niektor\u00e9 veci si \u010dasto \u013eudia robia svojpomocne sami, aby u\u0161etrili nejak\u00e9 to euro naviac. Rovnako to m\u00f4\u017eete robi\u0165 aj so zaria\u010fovan\u00edm rodinn\u00e9ho domu, mno\u017estvo n\u00e1bytku sa d\u00e1 k\u00fapi\u0165 v\u00fdhodne, z\u013eavnene m\u00f4\u017ee st\u00e1le vyzera\u0165 ve\u013emi dobre. Pokia\u013e sa teda na rekon\u0161trukciu chyst\u00e1te ve\u010dierka m\u00f4\u017eete si do svojho projektu zahrn\u00fa\u0165 aj vybudovanie kr\u00e1snej terasy. Naozaj v\u00e1s to nebude st\u00e1\u0165 a\u017e to\u013eko pe\u0148az\u00ed navy\u0161e a m\u00f4\u017eete ma\u0165 n\u00e1dhern\u00e9 miesto, kde si v uhladenom estetickom priestore m\u00f4\u017eete pohodlne posedie\u0165 a tr\u00e1vi\u0165 svoj \u010das. Sta\u010d\u00ed v\u00e1m na to vybudova\u0165 ur\u010dit\u00fa podlahu terasy a z\u00e1bradlie. My v\u00e1m rozhodne odpor\u00fa\u010dame sklenene zabradlie, ktor\u00e9 vyzer\u00e1 perfektne a d\u00e1 sa aj ve\u013emi dobr\u00e9 osadi\u0165 a namontova\u0165 takmer v\u0161ade. V\u0161etko je teda vecou vkusu a \u0161ikovnosti, ako si viete ur\u010dit\u00e9 veci pozh\u00e1\u0148a\u0165 a pozis\u0165ova\u0165, kde sa \u010do d\u00e1 vybavi\u0165 a zohna\u0165 lacnej\u0161ie alebo v\u00fdhodnej\u0161ie. Tak hor sa do toho, dr\u017e\u00edme palce, aby va\u0161a rekon\u0161trukcia bola kvalitn\u00e1 a aby ste s \u0148ou boli spokojn\u00ed a mali kr\u00e1sny priestor \u010diarkach kde budete b\u00fdva\u0165 tr\u00e1vi\u0165 svoj vo\u013en\u00fd \u010das.                                                                                                                                                                                                                                                                                                                                                                                                  "},{"@context":"https:\/\/schema.org\/","@type":"BreadcrumbList","itemListElement":[{"@type":"ListItem","position":1,"name":"Chyst\u00e1te prer\u00e1bku svojho domu a chcete si vy bud\u00fa ma\u0165 terasu?","item":"https:\/\/www.veritel.sk\/chystate-prerabku-svojho-domu-a-chcete-si-vy-budu-mat-terasu\/#breadcrumbitem"}]}]